{"id":23607,"date":"2021-02-24T20:02:11","date_gmt":"2021-02-24T19:02:11","guid":{"rendered":"https:\/\/blog.brand-architecture.at\/2021\/02\/24\/camion-transport-brings-the-fuso-ecanter-to-swiss-roads\/"},"modified":"2025-12-15T12:53:47","modified_gmt":"2025-12-15T11:53:47","slug":"camion-transport-brings-the-fuso-ecanter-to-swiss-roads","status":"publish","type":"post","link":"https:\/\/loginfo24.com\/en\/2021\/02\/24\/camion-transport-brings-the-fuso-ecanter-to-swiss-roads\/","title":{"rendered":"Camion Transport Brings the FUSO eCanter to Swiss Roads"},"content":{"rendered":"<p>Just a few days ago, three fully electric FUSO eCanters joined the vehicle fleet of the Swiss Camion Transport AG. The three vehicles are deployed in the cities of Basel, Lucerne, and Geneva for city logistics. The key handover took place in a small setting in R\u00fcmlang (near Zurich). These are the first eCanters to be used in Switzerland.<\/p>\n<p>(Schlieren \/ Stuttgart \/ Tokyo) Daimler Trucks&#8217; first fully electric truck in small series conquers another European truck market. With the delivery of three FUSO eCanters to Camion Transport AG, a new chapter in ecological logistics begins in Switzerland. &#8220;Being the first company in Switzerland to operate this groundbreaking vehicle makes us a bit proud,&#8221; says Director Josef J\u00e4ger. The vehicles will be used in the city centers of Basel, Lucerne, and Geneva, handling the locally emission-free distribution of goods.<\/p>\n<p>Urbanization is a global megatrend. At the same time, the demand for goods, especially in increasingly dense centers, is continuously growing. Not least due to the Corona pandemic, which has caused online shipping to explode worldwide. &#8220;These goods need to get to the people,&#8221; says Josef J\u00e4ger, Director of Camion Transport AG. &#8220;This should happen quickly, but also ecologically, cleanly, and quietly,&#8221; he explains, adding: &#8220;We have already had very good experiences with the FUSO EcoHybrid and are excited to get even closer to our vision of sustainable city logistics with the eCanter. By 2025, we aim to deliver completely emission-free to city centers.&#8221;<\/p>\n<div id=\"attachment_9526\" style=\"width: 1034px\" class=\"wp-caption alignnone\"><img loading=\"lazy\" decoding=\"async\" aria-describedby=\"caption-attachment-9526\" class=\"wp-image-9526 size-large\" src=\"https:\/\/loginfo24.com\/wp-content\/uploads\/sites\/7\/2025\/12\/Larag_Camion_Transport_24.2.21_Titel.jpg\" alt=\"\" width=\"1024\" height=\"358\" \/><p id=\"caption-attachment-9526\" class=\"wp-caption-text\">(l. to r.) J\u00fcrg L\u00fcthi (CEO Mercedes-Benz Trucks Switzerland AG), Ren\u00e9 Rusch (Sales Consultant FUSO Canter Commercial Vehicles, LARAG AG), and Josef J\u00e4ger (Director Camion Transport AG) Photo: Larag<\/p><\/div>\n<h5><strong>Agile Professional for Fine Distribution<\/strong><\/h5>\n<p>The FUSO eCanter is the ideal vehicle for inner-city distribution on the last mile. As a 7.49 t vehicle with a range of over 100 km, a top speed of about 80 km\/h, and a power output of 129 kW, it has everything needed for ecological and economical operation in urban centers. Its wheelbase of 3,400 mm also makes it extremely agile. Over 200 vehicles are now in daily customer use in the USA, Europe, and Japan.<\/p>\n<p>The experiences that Camion Transport AG and other renowned companies gather with the powerful eCanter small series model flow directly back to FUSO, where the data is analyzed and incorporated into the development of the series vehicle. With a global fleet performance of over 3 million fully electric kilometers in customer use, the engineering team at FUSO can draw on an ever-growing wealth of experience. The goal: when the eCanter goes into large-scale production within the first half of the decade, it should be even more mature and tailored to all customer needs. Until then, further FUSO eCanters from the small series will be delivered successively.<\/p>\n<p>Title photo: \u00a9 Mercedes Benz Truck<\/p>\n<p><a href=\"https:\/\/www.camiontransport.ch\" target=\"_blank\" rel=\"noopener noreferrer\">www.camiontransport.ch<\/a>   <a href=\"https:\/\/www.mercedes-benz-trucks.com\" target=\"_blank\" rel=\"noopener noreferrer\">www.mercedes-benz-trucks.com<\/a>    <a href=\"https:\/\/www.larag.com\" target=\"_blank\" rel=\"noopener noreferrer\">www.larag.com<\/a><\/p>\n","protected":false},"excerpt":{"rendered":"<p>Just a few days ago, three fully electric FUSO eCanters joined the vehicle fleet of the Swiss Camion Transport AG. The three vehicles are deployed in<span class=\"excerpt-hellip\"> [\u2026]<\/span><\/p>\n","protected":false},"author":0,"featured_media":0,"comment_status":"open","ping_status":"open","sticky":false,"template":"","format":"standard","meta":{"_acf_changed":false,"footnotes":""},"categories":[1557,1556,1561],"tags":[],"class_list":["post-23607","post","type-post","status-publish","format-standard","hentry","category-forwarding-logistics","category-intermodal-road","category-regions"],"acf":[],"yoast_head":"<!-- This site is optimized with the Yoast SEO plugin v27.3 - https:\/\/yoast.com\/product\/yoast-seo-wordpress\/ -->\n<title>Camion Transport Brings the FUSO eCanter to Swiss Roads - Loginfo24<\/title>\n<meta name=\"robots\" content=\"index, follow, max-snippet:-1, max-image-preview:large, max-video-preview:-1\" \/>\n<link rel=\"canonical\" href=\"https:\/\/loginfo24.com\/en\/2021\/02\/24\/camion-transport-brings-the-fuso-ecanter-to-swiss-roads\/\" \/>\n<meta property=\"og:locale\" content=\"en_US\" \/>\n<meta property=\"og:type\" content=\"article\" \/>\n<meta property=\"og:title\" content=\"Camion Transport Brings the FUSO eCanter to Swiss Roads - Loginfo24\" \/>\n<meta property=\"og:description\" content=\"Just a few days ago, three fully electric FUSO eCanters joined the vehicle fleet of the Swiss Camion Transport AG. The three vehicles are deployed in [\u2026]\" \/>\n<meta property=\"og:url\" content=\"https:\/\/loginfo24.com\/en\/2021\/02\/24\/camion-transport-brings-the-fuso-ecanter-to-swiss-roads\/\" \/>\n<meta property=\"og:site_name\" content=\"Loginfo24\" \/>\n<meta property=\"article:publisher\" content=\"https:\/\/www.facebook.com\/people\/Loginfo24\/100057360583332\/\" \/>\n<meta property=\"article:published_time\" content=\"2021-02-24T19:02:11+00:00\" \/>\n<meta property=\"article:modified_time\" content=\"2025-12-15T11:53:47+00:00\" \/>\n<meta property=\"og:image\" content=\"https:\/\/loginfo24.com\/wp-content\/uploads\/sites\/7\/2025\/12\/Larag_Camion_Transport_24.2.21_Titel.jpg\" \/>\n<meta name=\"twitter:card\" content=\"summary_large_image\" \/>\n<meta name=\"twitter:label1\" content=\"Est. reading time\" \/>\n\t<meta name=\"twitter:data1\" content=\"2 minutes\" \/>\n<script type=\"application\/ld+json\" class=\"yoast-schema-graph\">{\"@context\":\"https:\\\/\\\/schema.org\",\"@graph\":[{\"@type\":\"Article\",\"@id\":\"https:\\\/\\\/loginfo24.com\\\/en\\\/2021\\\/02\\\/24\\\/camion-transport-brings-the-fuso-ecanter-to-swiss-roads\\\/#article\",\"isPartOf\":{\"@id\":\"https:\\\/\\\/loginfo24.com\\\/en\\\/2021\\\/02\\\/24\\\/camion-transport-brings-the-fuso-ecanter-to-swiss-roads\\\/\"},\"author\":{\"name\":\"\",\"@id\":\"\"},\"headline\":\"Camion Transport Brings the FUSO eCanter to Swiss Roads\",\"datePublished\":\"2021-02-24T19:02:11+00:00\",\"dateModified\":\"2025-12-15T11:53:47+00:00\",\"mainEntityOfPage\":{\"@id\":\"https:\\\/\\\/loginfo24.com\\\/en\\\/2021\\\/02\\\/24\\\/camion-transport-brings-the-fuso-ecanter-to-swiss-roads\\\/\"},\"wordCount\":487,\"commentCount\":0,\"publisher\":{\"@id\":\"https:\\\/\\\/loginfo24.com\\\/en\\\/#organization\"},\"image\":{\"@id\":\"https:\\\/\\\/loginfo24.com\\\/en\\\/2021\\\/02\\\/24\\\/camion-transport-brings-the-fuso-ecanter-to-swiss-roads\\\/#primaryimage\"},\"thumbnailUrl\":\"https:\\\/\\\/loginfo24.com\\\/wp-content\\\/uploads\\\/sites\\\/7\\\/2025\\\/12\\\/Larag_Camion_Transport_24.2.21_Titel.jpg\",\"articleSection\":[\"Forwarding &amp; Logistics\",\"Intermodal \\\/ Road\",\"Regions\"],\"inLanguage\":\"en-US\",\"potentialAction\":[{\"@type\":\"CommentAction\",\"name\":\"Comment\",\"target\":[\"https:\\\/\\\/loginfo24.com\\\/en\\\/2021\\\/02\\\/24\\\/camion-transport-brings-the-fuso-ecanter-to-swiss-roads\\\/#respond\"]}]},{\"@type\":\"WebPage\",\"@id\":\"https:\\\/\\\/loginfo24.com\\\/en\\\/2021\\\/02\\\/24\\\/camion-transport-brings-the-fuso-ecanter-to-swiss-roads\\\/\",\"url\":\"https:\\\/\\\/loginfo24.com\\\/en\\\/2021\\\/02\\\/24\\\/camion-transport-brings-the-fuso-ecanter-to-swiss-roads\\\/\",\"name\":\"Camion Transport Brings the FUSO eCanter to Swiss Roads - Loginfo24\",\"isPartOf\":{\"@id\":\"https:\\\/\\\/loginfo24.com\\\/en\\\/#website\"},\"primaryImageOfPage\":{\"@id\":\"https:\\\/\\\/loginfo24.com\\\/en\\\/2021\\\/02\\\/24\\\/camion-transport-brings-the-fuso-ecanter-to-swiss-roads\\\/#primaryimage\"},\"image\":{\"@id\":\"https:\\\/\\\/loginfo24.com\\\/en\\\/2021\\\/02\\\/24\\\/camion-transport-brings-the-fuso-ecanter-to-swiss-roads\\\/#primaryimage\"},\"thumbnailUrl\":\"https:\\\/\\\/loginfo24.com\\\/wp-content\\\/uploads\\\/sites\\\/7\\\/2025\\\/12\\\/Larag_Camion_Transport_24.2.21_Titel.jpg\",\"datePublished\":\"2021-02-24T19:02:11+00:00\",\"dateModified\":\"2025-12-15T11:53:47+00:00\",\"breadcrumb\":{\"@id\":\"https:\\\/\\\/loginfo24.com\\\/en\\\/2021\\\/02\\\/24\\\/camion-transport-brings-the-fuso-ecanter-to-swiss-roads\\\/#breadcrumb\"},\"inLanguage\":\"en-US\",\"potentialAction\":[{\"@type\":\"ReadAction\",\"target\":[\"https:\\\/\\\/loginfo24.com\\\/en\\\/2021\\\/02\\\/24\\\/camion-transport-brings-the-fuso-ecanter-to-swiss-roads\\\/\"]}]},{\"@type\":\"ImageObject\",\"inLanguage\":\"en-US\",\"@id\":\"https:\\\/\\\/loginfo24.com\\\/en\\\/2021\\\/02\\\/24\\\/camion-transport-brings-the-fuso-ecanter-to-swiss-roads\\\/#primaryimage\",\"url\":\"https:\\\/\\\/loginfo24.com\\\/wp-content\\\/uploads\\\/sites\\\/7\\\/2025\\\/12\\\/Larag_Camion_Transport_24.2.21_Titel.jpg\",\"contentUrl\":\"https:\\\/\\\/loginfo24.com\\\/wp-content\\\/uploads\\\/sites\\\/7\\\/2025\\\/12\\\/Larag_Camion_Transport_24.2.21_Titel.jpg\"},{\"@type\":\"BreadcrumbList\",\"@id\":\"https:\\\/\\\/loginfo24.com\\\/en\\\/2021\\\/02\\\/24\\\/camion-transport-brings-the-fuso-ecanter-to-swiss-roads\\\/#breadcrumb\",\"itemListElement\":[{\"@type\":\"ListItem\",\"position\":1,\"name\":\"Startseite\",\"item\":\"https:\\\/\\\/loginfo24.com\\\/en\\\/\"},{\"@type\":\"ListItem\",\"position\":2,\"name\":\"Camion Transport Brings the FUSO eCanter to Swiss Roads\"}]},{\"@type\":\"WebSite\",\"@id\":\"https:\\\/\\\/loginfo24.com\\\/en\\\/#website\",\"url\":\"https:\\\/\\\/loginfo24.com\\\/en\\\/\",\"name\":\"Loginfo24\",\"description\":\"Loginfo24 is the platform for logistics and supply chains, providing information around the clock.\",\"publisher\":{\"@id\":\"https:\\\/\\\/loginfo24.com\\\/en\\\/#organization\"},\"potentialAction\":[{\"@type\":\"SearchAction\",\"target\":{\"@type\":\"EntryPoint\",\"urlTemplate\":\"https:\\\/\\\/loginfo24.com\\\/en\\\/?s={search_term_string}\"},\"query-input\":{\"@type\":\"PropertyValueSpecification\",\"valueRequired\":true,\"valueName\":\"search_term_string\"}}],\"inLanguage\":\"en-US\"},{\"@type\":\"Organization\",\"@id\":\"https:\\\/\\\/loginfo24.com\\\/en\\\/#organization\",\"name\":\"Logismedia Group AG\",\"url\":\"https:\\\/\\\/loginfo24.com\\\/en\\\/\",\"logo\":{\"@type\":\"ImageObject\",\"inLanguage\":\"en-US\",\"@id\":\"https:\\\/\\\/loginfo24.com\\\/en\\\/#\\\/schema\\\/logo\\\/image\\\/\",\"url\":\"https:\\\/\\\/loginfo24.com\\\/wp-content\\\/uploads\\\/sites\\\/7\\\/2026\\\/01\\\/Logo_LogInfo24.png\",\"contentUrl\":\"https:\\\/\\\/loginfo24.com\\\/wp-content\\\/uploads\\\/sites\\\/7\\\/2026\\\/01\\\/Logo_LogInfo24.png\",\"width\":938,\"height\":351,\"caption\":\"Logismedia Group AG\"},\"image\":{\"@id\":\"https:\\\/\\\/loginfo24.com\\\/en\\\/#\\\/schema\\\/logo\\\/image\\\/\"},\"sameAs\":[\"https:\\\/\\\/www.facebook.com\\\/people\\\/Loginfo24\\\/100057360583332\\\/\",\"https:\\\/\\\/www.linkedin.com\\\/company\\\/lofinfo24\\\/\"]}]}<\/script>\n<!-- \/ Yoast SEO plugin. -->","yoast_head_json":{"title":"Camion Transport Brings the FUSO eCanter to Swiss Roads - Loginfo24","robots":{"index":"index","follow":"follow","max-snippet":"max-snippet:-1","max-image-preview":"max-image-preview:large","max-video-preview":"max-video-preview:-1"},"canonical":"https:\/\/loginfo24.com\/en\/2021\/02\/24\/camion-transport-brings-the-fuso-ecanter-to-swiss-roads\/","og_locale":"en_US","og_type":"article","og_title":"Camion Transport Brings the FUSO eCanter to Swiss Roads - Loginfo24","og_description":"Just a few days ago, three fully electric FUSO eCanters joined the vehicle fleet of the Swiss Camion Transport AG. The three vehicles are deployed in [\u2026]","og_url":"https:\/\/loginfo24.com\/en\/2021\/02\/24\/camion-transport-brings-the-fuso-ecanter-to-swiss-roads\/","og_site_name":"Loginfo24","article_publisher":"https:\/\/www.facebook.com\/people\/Loginfo24\/100057360583332\/","article_published_time":"2021-02-24T19:02:11+00:00","article_modified_time":"2025-12-15T11:53:47+00:00","og_image":[{"url":"https:\/\/loginfo24.com\/wp-content\/uploads\/sites\/7\/2025\/12\/Larag_Camion_Transport_24.2.21_Titel.jpg","type":"","width":"","height":""}],"twitter_card":"summary_large_image","twitter_misc":{"Est. reading time":"2 minutes"},"schema":{"@context":"https:\/\/schema.org","@graph":[{"@type":"Article","@id":"https:\/\/loginfo24.com\/en\/2021\/02\/24\/camion-transport-brings-the-fuso-ecanter-to-swiss-roads\/#article","isPartOf":{"@id":"https:\/\/loginfo24.com\/en\/2021\/02\/24\/camion-transport-brings-the-fuso-ecanter-to-swiss-roads\/"},"author":{"name":"","@id":""},"headline":"Camion Transport Brings the FUSO eCanter to Swiss Roads","datePublished":"2021-02-24T19:02:11+00:00","dateModified":"2025-12-15T11:53:47+00:00","mainEntityOfPage":{"@id":"https:\/\/loginfo24.com\/en\/2021\/02\/24\/camion-transport-brings-the-fuso-ecanter-to-swiss-roads\/"},"wordCount":487,"commentCount":0,"publisher":{"@id":"https:\/\/loginfo24.com\/en\/#organization"},"image":{"@id":"https:\/\/loginfo24.com\/en\/2021\/02\/24\/camion-transport-brings-the-fuso-ecanter-to-swiss-roads\/#primaryimage"},"thumbnailUrl":"https:\/\/loginfo24.com\/wp-content\/uploads\/sites\/7\/2025\/12\/Larag_Camion_Transport_24.2.21_Titel.jpg","articleSection":["Forwarding &amp; Logistics","Intermodal \/ Road","Regions"],"inLanguage":"en-US","potentialAction":[{"@type":"CommentAction","name":"Comment","target":["https:\/\/loginfo24.com\/en\/2021\/02\/24\/camion-transport-brings-the-fuso-ecanter-to-swiss-roads\/#respond"]}]},{"@type":"WebPage","@id":"https:\/\/loginfo24.com\/en\/2021\/02\/24\/camion-transport-brings-the-fuso-ecanter-to-swiss-roads\/","url":"https:\/\/loginfo24.com\/en\/2021\/02\/24\/camion-transport-brings-the-fuso-ecanter-to-swiss-roads\/","name":"Camion Transport Brings the FUSO eCanter to Swiss Roads - Loginfo24","isPartOf":{"@id":"https:\/\/loginfo24.com\/en\/#website"},"primaryImageOfPage":{"@id":"https:\/\/loginfo24.com\/en\/2021\/02\/24\/camion-transport-brings-the-fuso-ecanter-to-swiss-roads\/#primaryimage"},"image":{"@id":"https:\/\/loginfo24.com\/en\/2021\/02\/24\/camion-transport-brings-the-fuso-ecanter-to-swiss-roads\/#primaryimage"},"thumbnailUrl":"https:\/\/loginfo24.com\/wp-content\/uploads\/sites\/7\/2025\/12\/Larag_Camion_Transport_24.2.21_Titel.jpg","datePublished":"2021-02-24T19:02:11+00:00","dateModified":"2025-12-15T11:53:47+00:00","breadcrumb":{"@id":"https:\/\/loginfo24.com\/en\/2021\/02\/24\/camion-transport-brings-the-fuso-ecanter-to-swiss-roads\/#breadcrumb"},"inLanguage":"en-US","potentialAction":[{"@type":"ReadAction","target":["https:\/\/loginfo24.com\/en\/2021\/02\/24\/camion-transport-brings-the-fuso-ecanter-to-swiss-roads\/"]}]},{"@type":"ImageObject","inLanguage":"en-US","@id":"https:\/\/loginfo24.com\/en\/2021\/02\/24\/camion-transport-brings-the-fuso-ecanter-to-swiss-roads\/#primaryimage","url":"https:\/\/loginfo24.com\/wp-content\/uploads\/sites\/7\/2025\/12\/Larag_Camion_Transport_24.2.21_Titel.jpg","contentUrl":"https:\/\/loginfo24.com\/wp-content\/uploads\/sites\/7\/2025\/12\/Larag_Camion_Transport_24.2.21_Titel.jpg"},{"@type":"BreadcrumbList","@id":"https:\/\/loginfo24.com\/en\/2021\/02\/24\/camion-transport-brings-the-fuso-ecanter-to-swiss-roads\/#breadcrumb","itemListElement":[{"@type":"ListItem","position":1,"name":"Startseite","item":"https:\/\/loginfo24.com\/en\/"},{"@type":"ListItem","position":2,"name":"Camion Transport Brings the FUSO eCanter to Swiss Roads"}]},{"@type":"WebSite","@id":"https:\/\/loginfo24.com\/en\/#website","url":"https:\/\/loginfo24.com\/en\/","name":"Loginfo24","description":"Loginfo24 is the platform for logistics and supply chains, providing information around the clock.","publisher":{"@id":"https:\/\/loginfo24.com\/en\/#organization"},"potentialAction":[{"@type":"SearchAction","target":{"@type":"EntryPoint","urlTemplate":"https:\/\/loginfo24.com\/en\/?s={search_term_string}"},"query-input":{"@type":"PropertyValueSpecification","valueRequired":true,"valueName":"search_term_string"}}],"inLanguage":"en-US"},{"@type":"Organization","@id":"https:\/\/loginfo24.com\/en\/#organization","name":"Logismedia Group AG","url":"https:\/\/loginfo24.com\/en\/","logo":{"@type":"ImageObject","inLanguage":"en-US","@id":"https:\/\/loginfo24.com\/en\/#\/schema\/logo\/image\/","url":"https:\/\/loginfo24.com\/wp-content\/uploads\/sites\/7\/2026\/01\/Logo_LogInfo24.png","contentUrl":"https:\/\/loginfo24.com\/wp-content\/uploads\/sites\/7\/2026\/01\/Logo_LogInfo24.png","width":938,"height":351,"caption":"Logismedia Group AG"},"image":{"@id":"https:\/\/loginfo24.com\/en\/#\/schema\/logo\/image\/"},"sameAs":["https:\/\/www.facebook.com\/people\/Loginfo24\/100057360583332\/","https:\/\/www.linkedin.com\/company\/lofinfo24\/"]}]}},"_links":{"self":[{"href":"https:\/\/loginfo24.com\/en\/wp-json\/wp\/v2\/posts\/23607","targetHints":{"allow":["GET"]}}],"collection":[{"href":"https:\/\/loginfo24.com\/en\/wp-json\/wp\/v2\/posts"}],"about":[{"href":"https:\/\/loginfo24.com\/en\/wp-json\/wp\/v2\/types\/post"}],"replies":[{"embeddable":true,"href":"https:\/\/loginfo24.com\/en\/wp-json\/wp\/v2\/comments?post=23607"}],"version-history":[{"count":1,"href":"https:\/\/loginfo24.com\/en\/wp-json\/wp\/v2\/posts\/23607\/revisions"}],"predecessor-version":[{"id":42940,"href":"https:\/\/loginfo24.com\/en\/wp-json\/wp\/v2\/posts\/23607\/revisions\/42940"}],"wp:attachment":[{"href":"https:\/\/loginfo24.com\/en\/wp-json\/wp\/v2\/media?parent=23607"}],"wp:term":[{"taxonomy":"category","embeddable":true,"href":"https:\/\/loginfo24.com\/en\/wp-json\/wp\/v2\/categories?post=23607"},{"taxonomy":"post_tag","embeddable":true,"href":"https:\/\/loginfo24.com\/en\/wp-json\/wp\/v2\/tags?post=23607"}],"curies":[{"name":"wp","href":"https:\/\/api.w.org\/{rel}","templated":true}]}}