{"id":20688,"date":"2020-10-22T18:00:56","date_gmt":"2020-10-22T16:00:56","guid":{"rendered":"https:\/\/blog.brand-architecture.at\/2020\/10\/22\/karin-radstrom-takes-over-leadership-of-mercedes-benz-trucks-in-2021\/"},"modified":"2025-12-15T12:40:47","modified_gmt":"2025-12-15T11:40:47","slug":"karin-radstrom-takes-over-leadership-of-mercedes-benz-trucks-in-2021","status":"publish","type":"post","link":"https:\/\/loginfo24.com\/en\/2020\/10\/22\/karin-radstrom-takes-over-leadership-of-mercedes-benz-trucks-in-2021\/","title":{"rendered":"Karin R\u00e5dstr\u00f6m Takes Over Leadership of Mercedes-Benz Trucks in 2021"},"content":{"rendered":"<p>Daimler Truck AG will have a new CEO starting February 1, 2021. The Swedish-born Karin R\u00e5dstr\u00f6m will succeed Stefan Buchner, who retired in October 2020.<\/p>\n<p>(Stuttgart) &#8211; Karin R\u00e5dstr\u00f6m will begin her role as a member of the board of Daimler Truck AG, responsible for Mercedes-Benz Trucks, on February 1, 2021. R\u00e5dstr\u00f6m was most recently a board member responsible for sales and marketing at Scania. The Swedish-born R\u00e5dstr\u00f6m started her career as a trainee at Scania in 2004 after completing her Master of Engineering in Industrial Management at the Royal Institute of Technology in Stockholm. Since 2007, she has held various senior positions within Scania&#8217;s sales and service organization, including leading the company&#8217;s bus business and developing the business with digital and connected vehicles.<\/p>\n<p>R\u00e5dstr\u00f6m succeeds Stefan Buchner, who retired in October 2020.<strong> <\/strong><\/p>\n<p><a href=\"https:\/\/www.daimler.com\/\" target=\"_blank\" rel=\"noopener noreferrer\">www.daimler.com<\/a><\/p>\n<p>Photo: \u00a9 Daimler Truck A<\/p>\n","protected":false},"excerpt":{"rendered":"<p>Daimler Truck AG will have a new CEO starting February 1, 2021. The Swedish-born Karin R\u00e5dstr\u00f6m will succeed Stefan Buchner, who retired in October 2020. (Stuttgart)<span class=\"excerpt-hellip\"> [\u2026]<\/span><\/p>\n","protected":false},"author":0,"featured_media":0,"comment_status":"open","ping_status":"open","sticky":false,"template":"","format":"standard","meta":{"_acf_changed":false,"footnotes":""},"categories":[1557,1561],"tags":[],"class_list":["post-20688","post","type-post","status-publish","format-standard","hentry","category-forwarding-logistics","category-regions"],"acf":[],"yoast_head":"<!-- This site is optimized with the Yoast SEO plugin v27.3 - https:\/\/yoast.com\/product\/yoast-seo-wordpress\/ -->\n<title>Karin R\u00e5dstr\u00f6m Takes Over Leadership of Mercedes-Benz Trucks in 2021 - Loginfo24<\/title>\n<meta name=\"robots\" content=\"index, follow, max-snippet:-1, max-image-preview:large, max-video-preview:-1\" \/>\n<link rel=\"canonical\" href=\"https:\/\/loginfo24.com\/en\/2020\/10\/22\/karin-radstrom-takes-over-leadership-of-mercedes-benz-trucks-in-2021\/\" \/>\n<meta property=\"og:locale\" content=\"en_US\" \/>\n<meta property=\"og:type\" content=\"article\" \/>\n<meta property=\"og:title\" content=\"Karin R\u00e5dstr\u00f6m Takes Over Leadership of Mercedes-Benz Trucks in 2021 - Loginfo24\" \/>\n<meta property=\"og:description\" content=\"Daimler Truck AG will have a new CEO starting February 1, 2021. The Swedish-born Karin R\u00e5dstr\u00f6m will succeed Stefan Buchner, who retired in October 2020. (Stuttgart) [\u2026]\" \/>\n<meta property=\"og:url\" content=\"https:\/\/loginfo24.com\/en\/2020\/10\/22\/karin-radstrom-takes-over-leadership-of-mercedes-benz-trucks-in-2021\/\" \/>\n<meta property=\"og:site_name\" content=\"Loginfo24\" \/>\n<meta property=\"article:publisher\" content=\"https:\/\/www.facebook.com\/people\/Loginfo24\/100057360583332\/\" \/>\n<meta property=\"article:published_time\" content=\"2020-10-22T16:00:56+00:00\" \/>\n<meta property=\"article:modified_time\" content=\"2025-12-15T11:40:47+00:00\" \/>\n<meta name=\"twitter:card\" content=\"summary_large_image\" \/>\n<meta name=\"twitter:label1\" content=\"Est. reading time\" \/>\n\t<meta name=\"twitter:data1\" content=\"1 minute\" \/>\n<script type=\"application\/ld+json\" class=\"yoast-schema-graph\">{\"@context\":\"https:\\\/\\\/schema.org\",\"@graph\":[{\"@type\":\"Article\",\"@id\":\"https:\\\/\\\/loginfo24.com\\\/en\\\/2020\\\/10\\\/22\\\/karin-radstrom-takes-over-leadership-of-mercedes-benz-trucks-in-2021\\\/#article\",\"isPartOf\":{\"@id\":\"https:\\\/\\\/loginfo24.com\\\/en\\\/2020\\\/10\\\/22\\\/karin-radstrom-takes-over-leadership-of-mercedes-benz-trucks-in-2021\\\/\"},\"author\":{\"name\":\"\",\"@id\":\"\"},\"headline\":\"Karin R\u00e5dstr\u00f6m Takes Over Leadership of Mercedes-Benz Trucks in 2021\",\"datePublished\":\"2020-10-22T16:00:56+00:00\",\"dateModified\":\"2025-12-15T11:40:47+00:00\",\"mainEntityOfPage\":{\"@id\":\"https:\\\/\\\/loginfo24.com\\\/en\\\/2020\\\/10\\\/22\\\/karin-radstrom-takes-over-leadership-of-mercedes-benz-trucks-in-2021\\\/\"},\"wordCount\":155,\"commentCount\":0,\"publisher\":{\"@id\":\"https:\\\/\\\/loginfo24.com\\\/en\\\/#organization\"},\"articleSection\":[\"Forwarding &amp; Logistics\",\"Regions\"],\"inLanguage\":\"en-US\",\"potentialAction\":[{\"@type\":\"CommentAction\",\"name\":\"Comment\",\"target\":[\"https:\\\/\\\/loginfo24.com\\\/en\\\/2020\\\/10\\\/22\\\/karin-radstrom-takes-over-leadership-of-mercedes-benz-trucks-in-2021\\\/#respond\"]}]},{\"@type\":\"WebPage\",\"@id\":\"https:\\\/\\\/loginfo24.com\\\/en\\\/2020\\\/10\\\/22\\\/karin-radstrom-takes-over-leadership-of-mercedes-benz-trucks-in-2021\\\/\",\"url\":\"https:\\\/\\\/loginfo24.com\\\/en\\\/2020\\\/10\\\/22\\\/karin-radstrom-takes-over-leadership-of-mercedes-benz-trucks-in-2021\\\/\",\"name\":\"Karin R\u00e5dstr\u00f6m Takes Over Leadership of Mercedes-Benz Trucks in 2021 - Loginfo24\",\"isPartOf\":{\"@id\":\"https:\\\/\\\/loginfo24.com\\\/en\\\/#website\"},\"datePublished\":\"2020-10-22T16:00:56+00:00\",\"dateModified\":\"2025-12-15T11:40:47+00:00\",\"breadcrumb\":{\"@id\":\"https:\\\/\\\/loginfo24.com\\\/en\\\/2020\\\/10\\\/22\\\/karin-radstrom-takes-over-leadership-of-mercedes-benz-trucks-in-2021\\\/#breadcrumb\"},\"inLanguage\":\"en-US\",\"potentialAction\":[{\"@type\":\"ReadAction\",\"target\":[\"https:\\\/\\\/loginfo24.com\\\/en\\\/2020\\\/10\\\/22\\\/karin-radstrom-takes-over-leadership-of-mercedes-benz-trucks-in-2021\\\/\"]}]},{\"@type\":\"BreadcrumbList\",\"@id\":\"https:\\\/\\\/loginfo24.com\\\/en\\\/2020\\\/10\\\/22\\\/karin-radstrom-takes-over-leadership-of-mercedes-benz-trucks-in-2021\\\/#breadcrumb\",\"itemListElement\":[{\"@type\":\"ListItem\",\"position\":1,\"name\":\"Startseite\",\"item\":\"https:\\\/\\\/loginfo24.com\\\/en\\\/\"},{\"@type\":\"ListItem\",\"position\":2,\"name\":\"Karin R\u00e5dstr\u00f6m Takes Over Leadership of Mercedes-Benz Trucks in 2021\"}]},{\"@type\":\"WebSite\",\"@id\":\"https:\\\/\\\/loginfo24.com\\\/en\\\/#website\",\"url\":\"https:\\\/\\\/loginfo24.com\\\/en\\\/\",\"name\":\"Loginfo24\",\"description\":\"Loginfo24 is the platform for logistics and supply chains, providing information around the clock.\",\"publisher\":{\"@id\":\"https:\\\/\\\/loginfo24.com\\\/en\\\/#organization\"},\"potentialAction\":[{\"@type\":\"SearchAction\",\"target\":{\"@type\":\"EntryPoint\",\"urlTemplate\":\"https:\\\/\\\/loginfo24.com\\\/en\\\/?s={search_term_string}\"},\"query-input\":{\"@type\":\"PropertyValueSpecification\",\"valueRequired\":true,\"valueName\":\"search_term_string\"}}],\"inLanguage\":\"en-US\"},{\"@type\":\"Organization\",\"@id\":\"https:\\\/\\\/loginfo24.com\\\/en\\\/#organization\",\"name\":\"Logismedia Group AG\",\"url\":\"https:\\\/\\\/loginfo24.com\\\/en\\\/\",\"logo\":{\"@type\":\"ImageObject\",\"inLanguage\":\"en-US\",\"@id\":\"https:\\\/\\\/loginfo24.com\\\/en\\\/#\\\/schema\\\/logo\\\/image\\\/\",\"url\":\"https:\\\/\\\/loginfo24.com\\\/wp-content\\\/uploads\\\/sites\\\/7\\\/2026\\\/01\\\/Logo_LogInfo24.png\",\"contentUrl\":\"https:\\\/\\\/loginfo24.com\\\/wp-content\\\/uploads\\\/sites\\\/7\\\/2026\\\/01\\\/Logo_LogInfo24.png\",\"width\":938,\"height\":351,\"caption\":\"Logismedia Group AG\"},\"image\":{\"@id\":\"https:\\\/\\\/loginfo24.com\\\/en\\\/#\\\/schema\\\/logo\\\/image\\\/\"},\"sameAs\":[\"https:\\\/\\\/www.facebook.com\\\/people\\\/Loginfo24\\\/100057360583332\\\/\",\"https:\\\/\\\/www.linkedin.com\\\/company\\\/lofinfo24\\\/\"]}]}<\/script>\n<!-- \/ Yoast SEO plugin. -->","yoast_head_json":{"title":"Karin R\u00e5dstr\u00f6m Takes Over Leadership of Mercedes-Benz Trucks in 2021 - Loginfo24","robots":{"index":"index","follow":"follow","max-snippet":"max-snippet:-1","max-image-preview":"max-image-preview:large","max-video-preview":"max-video-preview:-1"},"canonical":"https:\/\/loginfo24.com\/en\/2020\/10\/22\/karin-radstrom-takes-over-leadership-of-mercedes-benz-trucks-in-2021\/","og_locale":"en_US","og_type":"article","og_title":"Karin R\u00e5dstr\u00f6m Takes Over Leadership of Mercedes-Benz Trucks in 2021 - Loginfo24","og_description":"Daimler Truck AG will have a new CEO starting February 1, 2021. The Swedish-born Karin R\u00e5dstr\u00f6m will succeed Stefan Buchner, who retired in October 2020. (Stuttgart) [\u2026]","og_url":"https:\/\/loginfo24.com\/en\/2020\/10\/22\/karin-radstrom-takes-over-leadership-of-mercedes-benz-trucks-in-2021\/","og_site_name":"Loginfo24","article_publisher":"https:\/\/www.facebook.com\/people\/Loginfo24\/100057360583332\/","article_published_time":"2020-10-22T16:00:56+00:00","article_modified_time":"2025-12-15T11:40:47+00:00","twitter_card":"summary_large_image","twitter_misc":{"Est. reading time":"1 minute"},"schema":{"@context":"https:\/\/schema.org","@graph":[{"@type":"Article","@id":"https:\/\/loginfo24.com\/en\/2020\/10\/22\/karin-radstrom-takes-over-leadership-of-mercedes-benz-trucks-in-2021\/#article","isPartOf":{"@id":"https:\/\/loginfo24.com\/en\/2020\/10\/22\/karin-radstrom-takes-over-leadership-of-mercedes-benz-trucks-in-2021\/"},"author":{"name":"","@id":""},"headline":"Karin R\u00e5dstr\u00f6m Takes Over Leadership of Mercedes-Benz Trucks in 2021","datePublished":"2020-10-22T16:00:56+00:00","dateModified":"2025-12-15T11:40:47+00:00","mainEntityOfPage":{"@id":"https:\/\/loginfo24.com\/en\/2020\/10\/22\/karin-radstrom-takes-over-leadership-of-mercedes-benz-trucks-in-2021\/"},"wordCount":155,"commentCount":0,"publisher":{"@id":"https:\/\/loginfo24.com\/en\/#organization"},"articleSection":["Forwarding &amp; Logistics","Regions"],"inLanguage":"en-US","potentialAction":[{"@type":"CommentAction","name":"Comment","target":["https:\/\/loginfo24.com\/en\/2020\/10\/22\/karin-radstrom-takes-over-leadership-of-mercedes-benz-trucks-in-2021\/#respond"]}]},{"@type":"WebPage","@id":"https:\/\/loginfo24.com\/en\/2020\/10\/22\/karin-radstrom-takes-over-leadership-of-mercedes-benz-trucks-in-2021\/","url":"https:\/\/loginfo24.com\/en\/2020\/10\/22\/karin-radstrom-takes-over-leadership-of-mercedes-benz-trucks-in-2021\/","name":"Karin R\u00e5dstr\u00f6m Takes Over Leadership of Mercedes-Benz Trucks in 2021 - Loginfo24","isPartOf":{"@id":"https:\/\/loginfo24.com\/en\/#website"},"datePublished":"2020-10-22T16:00:56+00:00","dateModified":"2025-12-15T11:40:47+00:00","breadcrumb":{"@id":"https:\/\/loginfo24.com\/en\/2020\/10\/22\/karin-radstrom-takes-over-leadership-of-mercedes-benz-trucks-in-2021\/#breadcrumb"},"inLanguage":"en-US","potentialAction":[{"@type":"ReadAction","target":["https:\/\/loginfo24.com\/en\/2020\/10\/22\/karin-radstrom-takes-over-leadership-of-mercedes-benz-trucks-in-2021\/"]}]},{"@type":"BreadcrumbList","@id":"https:\/\/loginfo24.com\/en\/2020\/10\/22\/karin-radstrom-takes-over-leadership-of-mercedes-benz-trucks-in-2021\/#breadcrumb","itemListElement":[{"@type":"ListItem","position":1,"name":"Startseite","item":"https:\/\/loginfo24.com\/en\/"},{"@type":"ListItem","position":2,"name":"Karin R\u00e5dstr\u00f6m Takes Over Leadership of Mercedes-Benz Trucks in 2021"}]},{"@type":"WebSite","@id":"https:\/\/loginfo24.com\/en\/#website","url":"https:\/\/loginfo24.com\/en\/","name":"Loginfo24","description":"Loginfo24 is the platform for logistics and supply chains, providing information around the clock.","publisher":{"@id":"https:\/\/loginfo24.com\/en\/#organization"},"potentialAction":[{"@type":"SearchAction","target":{"@type":"EntryPoint","urlTemplate":"https:\/\/loginfo24.com\/en\/?s={search_term_string}"},"query-input":{"@type":"PropertyValueSpecification","valueRequired":true,"valueName":"search_term_string"}}],"inLanguage":"en-US"},{"@type":"Organization","@id":"https:\/\/loginfo24.com\/en\/#organization","name":"Logismedia Group AG","url":"https:\/\/loginfo24.com\/en\/","logo":{"@type":"ImageObject","inLanguage":"en-US","@id":"https:\/\/loginfo24.com\/en\/#\/schema\/logo\/image\/","url":"https:\/\/loginfo24.com\/wp-content\/uploads\/sites\/7\/2026\/01\/Logo_LogInfo24.png","contentUrl":"https:\/\/loginfo24.com\/wp-content\/uploads\/sites\/7\/2026\/01\/Logo_LogInfo24.png","width":938,"height":351,"caption":"Logismedia Group AG"},"image":{"@id":"https:\/\/loginfo24.com\/en\/#\/schema\/logo\/image\/"},"sameAs":["https:\/\/www.facebook.com\/people\/Loginfo24\/100057360583332\/","https:\/\/www.linkedin.com\/company\/lofinfo24\/"]}]}},"_links":{"self":[{"href":"https:\/\/loginfo24.com\/en\/wp-json\/wp\/v2\/posts\/20688","targetHints":{"allow":["GET"]}}],"collection":[{"href":"https:\/\/loginfo24.com\/en\/wp-json\/wp\/v2\/posts"}],"about":[{"href":"https:\/\/loginfo24.com\/en\/wp-json\/wp\/v2\/types\/post"}],"replies":[{"embeddable":true,"href":"https:\/\/loginfo24.com\/en\/wp-json\/wp\/v2\/comments?post=20688"}],"version-history":[{"count":1,"href":"https:\/\/loginfo24.com\/en\/wp-json\/wp\/v2\/posts\/20688\/revisions"}],"predecessor-version":[{"id":37574,"href":"https:\/\/loginfo24.com\/en\/wp-json\/wp\/v2\/posts\/20688\/revisions\/37574"}],"wp:attachment":[{"href":"https:\/\/loginfo24.com\/en\/wp-json\/wp\/v2\/media?parent=20688"}],"wp:term":[{"taxonomy":"category","embeddable":true,"href":"https:\/\/loginfo24.com\/en\/wp-json\/wp\/v2\/categories?post=20688"},{"taxonomy":"post_tag","embeddable":true,"href":"https:\/\/loginfo24.com\/en\/wp-json\/wp\/v2\/tags?post=20688"}],"curies":[{"name":"wp","href":"https:\/\/api.w.org\/{rel}","templated":true}]}}