{"id":18732,"date":"2020-07-24T07:00:43","date_gmt":"2020-07-24T05:00:43","guid":{"rendered":"https:\/\/blog.brand-architecture.at\/2020\/07\/24\/gebruder-weiss-increases-logistics-capacity-in-kalsdorf-near-graz\/"},"modified":"2025-12-15T12:32:30","modified_gmt":"2025-12-15T11:32:30","slug":"gebruder-weiss-increases-logistics-capacity-in-kalsdorf-near-graz","status":"publish","type":"post","link":"https:\/\/loginfo24.com\/en\/2020\/07\/24\/gebruder-weiss-increases-logistics-capacity-in-kalsdorf-near-graz\/","title":{"rendered":"Gebr\u00fcder Weiss Increases Logistics Capacity in Kalsdorf near Graz"},"content":{"rendered":"<p>Gebr\u00fcder Weiss celebrates the groundbreaking for the new logistics center in Kalsdorf near Graz. The construction measures have officially started. The new terminal will be built on a total area of 70,000 square meters and is set to open in spring 2021. The investment amounts to 26 million euros.<\/p>\n<p>(Lauterach \/ Kalsdorf) Gebr\u00fcder Weiss is expanding in Styria: On July 22, the official groundbreaking for a new location with a total area of 70,000 square meters in Kalsdorf near Graz took place. The logistics terminal, designed for 26 million euros, will replace the current location. The previous facility on Alte Poststra\u00dfe had recently reached its capacity limits. Construction for the new terminal already began in April. The originally planned groundbreaking was postponed due to the coronavirus crisis. The opening of the new branch is planned for the upcoming spring.<\/p>\n<h5><strong>Consolidating Orders in One Place<\/strong><\/h5>\n<p> &#8220;Upon completion, we will have a state-of-the-art logistics location for our customers and our 180 employees. With this facility, we can also consolidate orders that were previously distributed across several operating sites in the region,&#8221; says Gerhard Haas, Branch Manager of Gebr\u00fcder Weiss Graz. &#8220;The new facility enables more efficient processes and further development for the Styrian market \u2013 also towards home delivery. Despite the coronavirus crisis, we decided to take this important step for Graz&#8217;s development.&#8221;<\/p>\n<h5><\/h5>\n<h5><strong><img loading=\"lazy\" decoding=\"async\" class=\"aligncenter wp-image-4395 size-large\" src=\"https:\/\/loginfo24.com\/wp-content\/uploads\/sites\/7\/2025\/12\/Gebrueder_Weiss_24.7.20_1.jpg\" alt=\"\" width=\"1024\" height=\"344\" \/><\/strong><\/h5>\n<h5><strong>Conveniently Located with Large Storage and Handling Area<\/strong><\/h5>\n<p> The Gebr\u00fcder Weiss location in Graz handled around 670,000 shipments in 2019. For one of the growth drivers, the home delivery business, a dozen vehicles are in operation daily, distributing up to 300 shipments to end customers. Customers of the branch come from the stationary retail and e-commerce sectors, as well as from the automotive, metal, woodworking, and machinery industries. &#8220;After nine months of construction, we will have a logistics hall of 16,500 square meters, 6,500 square meters for handling, and 4,000 square meters of office space,&#8221; Gerhard Haas measures the dimensions of the new building. &#8220;Conveniently located near the A9 and the Graz-West junction, we will be even faster at the shippers and their customers.&#8221;<\/p>\n<p>Photo 1: \u00a9 Goldbeck-Rhomberg \/<em> The new Gebr\u00fcder Weiss terminal near Graz covers a total area of 70,000 square meters and is expected to open in spring 2021. <\/em><\/p>\n<p>Photo 2: \u00a9 Gebr\u00fcder Weiss \/ RIMO Photo: <em>Caption: Present at the groundbreaking on July 22 were (from left to right): Gerhard Haas (Branch Manager Gebr\u00fcder Weiss Graz), Michael Schmid (Managing Director Goldbeck-Rhomberg), Wolfram Senger-Weiss (CEO Gebr\u00fcder Weiss), Alexander Liebewein (Branch Manager Goldbeck-Rhomberg Salzburg), Martin Reinprecht (Project Manager Gebr\u00fcder Weiss), and Martin Gasser (Project Manager Goldbeck-Rhomberg) <\/em><\/p>\n<p><a href=\"https:\/\/www.gw-world.com\" target=\"_blank\" rel=\"noopener noreferrer\">www.gw-world.com<\/a><\/p>\n","protected":false},"excerpt":{"rendered":"<p>Gebr\u00fcder Weiss celebrates the groundbreaking for the new logistics center in Kalsdorf near Graz. The construction measures have officially started. The new terminal will be built<span class=\"excerpt-hellip\"> [\u2026]<\/span><\/p>\n","protected":false},"author":0,"featured_media":0,"comment_status":"open","ping_status":"open","sticky":false,"template":"","format":"standard","meta":{"_acf_changed":false,"footnotes":""},"categories":[1560,1561],"tags":[],"class_list":["post-18732","post","type-post","status-publish","format-standard","hentry","category-intralogistics","category-regions"],"acf":[],"yoast_head":"<!-- This site is optimized with the Yoast SEO plugin v27.3 - https:\/\/yoast.com\/product\/yoast-seo-wordpress\/ -->\n<title>Gebr\u00fcder Weiss Increases Logistics Capacity in Kalsdorf near Graz - Loginfo24<\/title>\n<meta name=\"robots\" content=\"index, follow, max-snippet:-1, max-image-preview:large, max-video-preview:-1\" \/>\n<link rel=\"canonical\" href=\"https:\/\/loginfo24.com\/en\/2020\/07\/24\/gebruder-weiss-increases-logistics-capacity-in-kalsdorf-near-graz\/\" \/>\n<meta property=\"og:locale\" content=\"en_US\" \/>\n<meta property=\"og:type\" content=\"article\" \/>\n<meta property=\"og:title\" content=\"Gebr\u00fcder Weiss Increases Logistics Capacity in Kalsdorf near Graz - Loginfo24\" \/>\n<meta property=\"og:description\" content=\"Gebr\u00fcder Weiss celebrates the groundbreaking for the new logistics center in Kalsdorf near Graz. The construction measures have officially started. The new terminal will be built [\u2026]\" \/>\n<meta property=\"og:url\" content=\"https:\/\/loginfo24.com\/en\/2020\/07\/24\/gebruder-weiss-increases-logistics-capacity-in-kalsdorf-near-graz\/\" \/>\n<meta property=\"og:site_name\" content=\"Loginfo24\" \/>\n<meta property=\"article:publisher\" content=\"https:\/\/www.facebook.com\/people\/Loginfo24\/100057360583332\/\" \/>\n<meta property=\"article:published_time\" content=\"2020-07-24T05:00:43+00:00\" \/>\n<meta property=\"article:modified_time\" content=\"2025-12-15T11:32:30+00:00\" \/>\n<meta property=\"og:image\" content=\"https:\/\/loginfo24.com\/wp-content\/uploads\/sites\/7\/2025\/12\/Gebrueder_Weiss_24.7.20_1.jpg\" \/>\n<meta name=\"twitter:card\" content=\"summary_large_image\" \/>\n<meta name=\"twitter:label1\" content=\"Est. reading time\" \/>\n\t<meta name=\"twitter:data1\" content=\"2 minutes\" \/>\n<script type=\"application\/ld+json\" class=\"yoast-schema-graph\">{\"@context\":\"https:\\\/\\\/schema.org\",\"@graph\":[{\"@type\":\"Article\",\"@id\":\"https:\\\/\\\/loginfo24.com\\\/en\\\/2020\\\/07\\\/24\\\/gebruder-weiss-increases-logistics-capacity-in-kalsdorf-near-graz\\\/#article\",\"isPartOf\":{\"@id\":\"https:\\\/\\\/loginfo24.com\\\/en\\\/2020\\\/07\\\/24\\\/gebruder-weiss-increases-logistics-capacity-in-kalsdorf-near-graz\\\/\"},\"author\":{\"name\":\"\",\"@id\":\"\"},\"headline\":\"Gebr\u00fcder Weiss Increases Logistics Capacity in Kalsdorf near Graz\",\"datePublished\":\"2020-07-24T05:00:43+00:00\",\"dateModified\":\"2025-12-15T11:32:30+00:00\",\"mainEntityOfPage\":{\"@id\":\"https:\\\/\\\/loginfo24.com\\\/en\\\/2020\\\/07\\\/24\\\/gebruder-weiss-increases-logistics-capacity-in-kalsdorf-near-graz\\\/\"},\"wordCount\":429,\"commentCount\":0,\"publisher\":{\"@id\":\"https:\\\/\\\/loginfo24.com\\\/en\\\/#organization\"},\"image\":{\"@id\":\"https:\\\/\\\/loginfo24.com\\\/en\\\/2020\\\/07\\\/24\\\/gebruder-weiss-increases-logistics-capacity-in-kalsdorf-near-graz\\\/#primaryimage\"},\"thumbnailUrl\":\"https:\\\/\\\/loginfo24.com\\\/wp-content\\\/uploads\\\/sites\\\/7\\\/2025\\\/12\\\/Gebrueder_Weiss_24.7.20_1.jpg\",\"articleSection\":[\"Intralogistics\",\"Regions\"],\"inLanguage\":\"en-US\",\"potentialAction\":[{\"@type\":\"CommentAction\",\"name\":\"Comment\",\"target\":[\"https:\\\/\\\/loginfo24.com\\\/en\\\/2020\\\/07\\\/24\\\/gebruder-weiss-increases-logistics-capacity-in-kalsdorf-near-graz\\\/#respond\"]}]},{\"@type\":\"WebPage\",\"@id\":\"https:\\\/\\\/loginfo24.com\\\/en\\\/2020\\\/07\\\/24\\\/gebruder-weiss-increases-logistics-capacity-in-kalsdorf-near-graz\\\/\",\"url\":\"https:\\\/\\\/loginfo24.com\\\/en\\\/2020\\\/07\\\/24\\\/gebruder-weiss-increases-logistics-capacity-in-kalsdorf-near-graz\\\/\",\"name\":\"Gebr\u00fcder Weiss Increases Logistics Capacity in Kalsdorf near Graz - Loginfo24\",\"isPartOf\":{\"@id\":\"https:\\\/\\\/loginfo24.com\\\/en\\\/#website\"},\"primaryImageOfPage\":{\"@id\":\"https:\\\/\\\/loginfo24.com\\\/en\\\/2020\\\/07\\\/24\\\/gebruder-weiss-increases-logistics-capacity-in-kalsdorf-near-graz\\\/#primaryimage\"},\"image\":{\"@id\":\"https:\\\/\\\/loginfo24.com\\\/en\\\/2020\\\/07\\\/24\\\/gebruder-weiss-increases-logistics-capacity-in-kalsdorf-near-graz\\\/#primaryimage\"},\"thumbnailUrl\":\"https:\\\/\\\/loginfo24.com\\\/wp-content\\\/uploads\\\/sites\\\/7\\\/2025\\\/12\\\/Gebrueder_Weiss_24.7.20_1.jpg\",\"datePublished\":\"2020-07-24T05:00:43+00:00\",\"dateModified\":\"2025-12-15T11:32:30+00:00\",\"breadcrumb\":{\"@id\":\"https:\\\/\\\/loginfo24.com\\\/en\\\/2020\\\/07\\\/24\\\/gebruder-weiss-increases-logistics-capacity-in-kalsdorf-near-graz\\\/#breadcrumb\"},\"inLanguage\":\"en-US\",\"potentialAction\":[{\"@type\":\"ReadAction\",\"target\":[\"https:\\\/\\\/loginfo24.com\\\/en\\\/2020\\\/07\\\/24\\\/gebruder-weiss-increases-logistics-capacity-in-kalsdorf-near-graz\\\/\"]}]},{\"@type\":\"ImageObject\",\"inLanguage\":\"en-US\",\"@id\":\"https:\\\/\\\/loginfo24.com\\\/en\\\/2020\\\/07\\\/24\\\/gebruder-weiss-increases-logistics-capacity-in-kalsdorf-near-graz\\\/#primaryimage\",\"url\":\"https:\\\/\\\/loginfo24.com\\\/wp-content\\\/uploads\\\/sites\\\/7\\\/2025\\\/12\\\/Gebrueder_Weiss_24.7.20_1.jpg\",\"contentUrl\":\"https:\\\/\\\/loginfo24.com\\\/wp-content\\\/uploads\\\/sites\\\/7\\\/2025\\\/12\\\/Gebrueder_Weiss_24.7.20_1.jpg\"},{\"@type\":\"BreadcrumbList\",\"@id\":\"https:\\\/\\\/loginfo24.com\\\/en\\\/2020\\\/07\\\/24\\\/gebruder-weiss-increases-logistics-capacity-in-kalsdorf-near-graz\\\/#breadcrumb\",\"itemListElement\":[{\"@type\":\"ListItem\",\"position\":1,\"name\":\"Startseite\",\"item\":\"https:\\\/\\\/loginfo24.com\\\/en\\\/\"},{\"@type\":\"ListItem\",\"position\":2,\"name\":\"Gebr\u00fcder Weiss Increases Logistics Capacity in Kalsdorf near Graz\"}]},{\"@type\":\"WebSite\",\"@id\":\"https:\\\/\\\/loginfo24.com\\\/en\\\/#website\",\"url\":\"https:\\\/\\\/loginfo24.com\\\/en\\\/\",\"name\":\"Loginfo24\",\"description\":\"Loginfo24 is the platform for logistics and supply chains, providing information around the clock.\",\"publisher\":{\"@id\":\"https:\\\/\\\/loginfo24.com\\\/en\\\/#organization\"},\"potentialAction\":[{\"@type\":\"SearchAction\",\"target\":{\"@type\":\"EntryPoint\",\"urlTemplate\":\"https:\\\/\\\/loginfo24.com\\\/en\\\/?s={search_term_string}\"},\"query-input\":{\"@type\":\"PropertyValueSpecification\",\"valueRequired\":true,\"valueName\":\"search_term_string\"}}],\"inLanguage\":\"en-US\"},{\"@type\":\"Organization\",\"@id\":\"https:\\\/\\\/loginfo24.com\\\/en\\\/#organization\",\"name\":\"Logismedia Group AG\",\"url\":\"https:\\\/\\\/loginfo24.com\\\/en\\\/\",\"logo\":{\"@type\":\"ImageObject\",\"inLanguage\":\"en-US\",\"@id\":\"https:\\\/\\\/loginfo24.com\\\/en\\\/#\\\/schema\\\/logo\\\/image\\\/\",\"url\":\"https:\\\/\\\/loginfo24.com\\\/wp-content\\\/uploads\\\/sites\\\/7\\\/2026\\\/01\\\/Logo_LogInfo24.png\",\"contentUrl\":\"https:\\\/\\\/loginfo24.com\\\/wp-content\\\/uploads\\\/sites\\\/7\\\/2026\\\/01\\\/Logo_LogInfo24.png\",\"width\":938,\"height\":351,\"caption\":\"Logismedia Group AG\"},\"image\":{\"@id\":\"https:\\\/\\\/loginfo24.com\\\/en\\\/#\\\/schema\\\/logo\\\/image\\\/\"},\"sameAs\":[\"https:\\\/\\\/www.facebook.com\\\/people\\\/Loginfo24\\\/100057360583332\\\/\",\"https:\\\/\\\/www.linkedin.com\\\/company\\\/lofinfo24\\\/\"]}]}<\/script>\n<!-- \/ Yoast SEO plugin. -->","yoast_head_json":{"title":"Gebr\u00fcder Weiss Increases Logistics Capacity in Kalsdorf near Graz - Loginfo24","robots":{"index":"index","follow":"follow","max-snippet":"max-snippet:-1","max-image-preview":"max-image-preview:large","max-video-preview":"max-video-preview:-1"},"canonical":"https:\/\/loginfo24.com\/en\/2020\/07\/24\/gebruder-weiss-increases-logistics-capacity-in-kalsdorf-near-graz\/","og_locale":"en_US","og_type":"article","og_title":"Gebr\u00fcder Weiss Increases Logistics Capacity in Kalsdorf near Graz - Loginfo24","og_description":"Gebr\u00fcder Weiss celebrates the groundbreaking for the new logistics center in Kalsdorf near Graz. The construction measures have officially started. The new terminal will be built [\u2026]","og_url":"https:\/\/loginfo24.com\/en\/2020\/07\/24\/gebruder-weiss-increases-logistics-capacity-in-kalsdorf-near-graz\/","og_site_name":"Loginfo24","article_publisher":"https:\/\/www.facebook.com\/people\/Loginfo24\/100057360583332\/","article_published_time":"2020-07-24T05:00:43+00:00","article_modified_time":"2025-12-15T11:32:30+00:00","og_image":[{"url":"https:\/\/loginfo24.com\/wp-content\/uploads\/sites\/7\/2025\/12\/Gebrueder_Weiss_24.7.20_1.jpg","type":"","width":"","height":""}],"twitter_card":"summary_large_image","twitter_misc":{"Est. reading time":"2 minutes"},"schema":{"@context":"https:\/\/schema.org","@graph":[{"@type":"Article","@id":"https:\/\/loginfo24.com\/en\/2020\/07\/24\/gebruder-weiss-increases-logistics-capacity-in-kalsdorf-near-graz\/#article","isPartOf":{"@id":"https:\/\/loginfo24.com\/en\/2020\/07\/24\/gebruder-weiss-increases-logistics-capacity-in-kalsdorf-near-graz\/"},"author":{"name":"","@id":""},"headline":"Gebr\u00fcder Weiss Increases Logistics Capacity in Kalsdorf near Graz","datePublished":"2020-07-24T05:00:43+00:00","dateModified":"2025-12-15T11:32:30+00:00","mainEntityOfPage":{"@id":"https:\/\/loginfo24.com\/en\/2020\/07\/24\/gebruder-weiss-increases-logistics-capacity-in-kalsdorf-near-graz\/"},"wordCount":429,"commentCount":0,"publisher":{"@id":"https:\/\/loginfo24.com\/en\/#organization"},"image":{"@id":"https:\/\/loginfo24.com\/en\/2020\/07\/24\/gebruder-weiss-increases-logistics-capacity-in-kalsdorf-near-graz\/#primaryimage"},"thumbnailUrl":"https:\/\/loginfo24.com\/wp-content\/uploads\/sites\/7\/2025\/12\/Gebrueder_Weiss_24.7.20_1.jpg","articleSection":["Intralogistics","Regions"],"inLanguage":"en-US","potentialAction":[{"@type":"CommentAction","name":"Comment","target":["https:\/\/loginfo24.com\/en\/2020\/07\/24\/gebruder-weiss-increases-logistics-capacity-in-kalsdorf-near-graz\/#respond"]}]},{"@type":"WebPage","@id":"https:\/\/loginfo24.com\/en\/2020\/07\/24\/gebruder-weiss-increases-logistics-capacity-in-kalsdorf-near-graz\/","url":"https:\/\/loginfo24.com\/en\/2020\/07\/24\/gebruder-weiss-increases-logistics-capacity-in-kalsdorf-near-graz\/","name":"Gebr\u00fcder Weiss Increases Logistics Capacity in Kalsdorf near Graz - Loginfo24","isPartOf":{"@id":"https:\/\/loginfo24.com\/en\/#website"},"primaryImageOfPage":{"@id":"https:\/\/loginfo24.com\/en\/2020\/07\/24\/gebruder-weiss-increases-logistics-capacity-in-kalsdorf-near-graz\/#primaryimage"},"image":{"@id":"https:\/\/loginfo24.com\/en\/2020\/07\/24\/gebruder-weiss-increases-logistics-capacity-in-kalsdorf-near-graz\/#primaryimage"},"thumbnailUrl":"https:\/\/loginfo24.com\/wp-content\/uploads\/sites\/7\/2025\/12\/Gebrueder_Weiss_24.7.20_1.jpg","datePublished":"2020-07-24T05:00:43+00:00","dateModified":"2025-12-15T11:32:30+00:00","breadcrumb":{"@id":"https:\/\/loginfo24.com\/en\/2020\/07\/24\/gebruder-weiss-increases-logistics-capacity-in-kalsdorf-near-graz\/#breadcrumb"},"inLanguage":"en-US","potentialAction":[{"@type":"ReadAction","target":["https:\/\/loginfo24.com\/en\/2020\/07\/24\/gebruder-weiss-increases-logistics-capacity-in-kalsdorf-near-graz\/"]}]},{"@type":"ImageObject","inLanguage":"en-US","@id":"https:\/\/loginfo24.com\/en\/2020\/07\/24\/gebruder-weiss-increases-logistics-capacity-in-kalsdorf-near-graz\/#primaryimage","url":"https:\/\/loginfo24.com\/wp-content\/uploads\/sites\/7\/2025\/12\/Gebrueder_Weiss_24.7.20_1.jpg","contentUrl":"https:\/\/loginfo24.com\/wp-content\/uploads\/sites\/7\/2025\/12\/Gebrueder_Weiss_24.7.20_1.jpg"},{"@type":"BreadcrumbList","@id":"https:\/\/loginfo24.com\/en\/2020\/07\/24\/gebruder-weiss-increases-logistics-capacity-in-kalsdorf-near-graz\/#breadcrumb","itemListElement":[{"@type":"ListItem","position":1,"name":"Startseite","item":"https:\/\/loginfo24.com\/en\/"},{"@type":"ListItem","position":2,"name":"Gebr\u00fcder Weiss Increases Logistics Capacity in Kalsdorf near Graz"}]},{"@type":"WebSite","@id":"https:\/\/loginfo24.com\/en\/#website","url":"https:\/\/loginfo24.com\/en\/","name":"Loginfo24","description":"Loginfo24 is the platform for logistics and supply chains, providing information around the clock.","publisher":{"@id":"https:\/\/loginfo24.com\/en\/#organization"},"potentialAction":[{"@type":"SearchAction","target":{"@type":"EntryPoint","urlTemplate":"https:\/\/loginfo24.com\/en\/?s={search_term_string}"},"query-input":{"@type":"PropertyValueSpecification","valueRequired":true,"valueName":"search_term_string"}}],"inLanguage":"en-US"},{"@type":"Organization","@id":"https:\/\/loginfo24.com\/en\/#organization","name":"Logismedia Group AG","url":"https:\/\/loginfo24.com\/en\/","logo":{"@type":"ImageObject","inLanguage":"en-US","@id":"https:\/\/loginfo24.com\/en\/#\/schema\/logo\/image\/","url":"https:\/\/loginfo24.com\/wp-content\/uploads\/sites\/7\/2026\/01\/Logo_LogInfo24.png","contentUrl":"https:\/\/loginfo24.com\/wp-content\/uploads\/sites\/7\/2026\/01\/Logo_LogInfo24.png","width":938,"height":351,"caption":"Logismedia Group AG"},"image":{"@id":"https:\/\/loginfo24.com\/en\/#\/schema\/logo\/image\/"},"sameAs":["https:\/\/www.facebook.com\/people\/Loginfo24\/100057360583332\/","https:\/\/www.linkedin.com\/company\/lofinfo24\/"]}]}},"_links":{"self":[{"href":"https:\/\/loginfo24.com\/en\/wp-json\/wp\/v2\/posts\/18732","targetHints":{"allow":["GET"]}}],"collection":[{"href":"https:\/\/loginfo24.com\/en\/wp-json\/wp\/v2\/posts"}],"about":[{"href":"https:\/\/loginfo24.com\/en\/wp-json\/wp\/v2\/types\/post"}],"replies":[{"embeddable":true,"href":"https:\/\/loginfo24.com\/en\/wp-json\/wp\/v2\/comments?post=18732"}],"version-history":[{"count":1,"href":"https:\/\/loginfo24.com\/en\/wp-json\/wp\/v2\/posts\/18732\/revisions"}],"predecessor-version":[{"id":33780,"href":"https:\/\/loginfo24.com\/en\/wp-json\/wp\/v2\/posts\/18732\/revisions\/33780"}],"wp:attachment":[{"href":"https:\/\/loginfo24.com\/en\/wp-json\/wp\/v2\/media?parent=18732"}],"wp:term":[{"taxonomy":"category","embeddable":true,"href":"https:\/\/loginfo24.com\/en\/wp-json\/wp\/v2\/categories?post=18732"},{"taxonomy":"post_tag","embeddable":true,"href":"https:\/\/loginfo24.com\/en\/wp-json\/wp\/v2\/tags?post=18732"}],"curies":[{"name":"wp","href":"https:\/\/api.w.org\/{rel}","templated":true}]}}